{"id":8615,"date":"2022-07-01T17:38:09","date_gmt":"2022-07-01T15:38:09","guid":{"rendered":"https:\/\/rodeeo.app\/?p=8615"},"modified":"2022-07-01T17:40:54","modified_gmt":"2022-07-01T15:40:54","slug":"tour-de-france-toutes-les-etapes-en-provence-alpes-cote-dazur","status":"publish","type":"post","link":"https:\/\/rodeeo.app\/es\/blog\/nos-recommandations\/tour-de-france-toutes-les-etapes-en-provence-alpes-cote-dazur-8615\/","title":{"rendered":"Tour de France : toutes les \u00e9tapes en Provence-Alpes-C\u00f4te d&rsquo;Azur"},"content":{"rendered":"<p>On n&rsquo;est pas l&rsquo;INA mais pour des id\u00e9es de sorties on a fouill\u00e9 toutes les \u00e9ditions du Tour de France depuis 1998 dans le but de d\u00e9nicher toutes les \u00e9tapes d\u00e9j\u00e0 emprunt\u00e9es par les coureurs dans notre belle r\u00e9gion Provence-Alpes-C\u00f4te d&rsquo;Azur ! \ud83d\udc40<\/p>\n<p>R\u00e9gion embl\u00e9matique du TDF, nos 6 d\u00e9partements dont les Alpes-de-Haute-Provence, les Hautes-Alpes, les Alpes-Maritimes, les Bouches-du-Rh\u00f4ne, le Var ou le Vaucluse sont pens\u00e9es pour des sorties en v\u00e9lo.<\/p>\n<p>Toutes les routes sont autant d&rsquo;id\u00e9es inspirantes pour des balades en v\u00e9lo pendant une apr\u00e8s-midi, une journ\u00e9e ou plusieurs jours dans la r\u00e9gion PACA.<\/p>\n<h2>Synth\u00e8se de toutes les \u00e9tapes du Tour de France \u00e0 faire dans la r\u00e9gion Provence-Alpes-C\u00f4te d&rsquo;Azur<\/h2>\n<p><img data-recalc-dims=\"1\" data-rjs=\"2\" fetchpriority=\"high\" decoding=\"async\" class=\"wp-image-8703 size-full aligncenter\" src=\"https:\/\/i0.wp.com\/rodeeo.app\/wp-content\/uploads\/2022\/07\/tour-de-france-provence-alpes-cote-d-azur-velo.png?resize=696%2C609\" alt=\"tour de france provence alpes cote d'azur routes\" width=\"696\" height=\"609\" srcset=\"https:\/\/i0.wp.com\/rodeeo.app\/wp-content\/uploads\/2022\/07\/tour-de-france-provence-alpes-cote-d-azur-velo.png?w=696&amp;ssl=1 696w, https:\/\/i0.wp.com\/rodeeo.app\/wp-content\/uploads\/2022\/07\/tour-de-france-provence-alpes-cote-d-azur-velo.png?resize=300%2C263&amp;ssl=1 300w, https:\/\/i0.wp.com\/rodeeo.app\/wp-content\/uploads\/2022\/07\/tour-de-france-provence-alpes-cote-d-azur-velo.png?resize=34%2C30&amp;ssl=1 34w, https:\/\/i0.wp.com\/rodeeo.app\/wp-content\/uploads\/2022\/07\/tour-de-france-provence-alpes-cote-d-azur-velo.png?resize=91%2C80&amp;ssl=1 91w, https:\/\/i0.wp.com\/rodeeo.app\/wp-content\/uploads\/2022\/07\/tour-de-france-provence-alpes-cote-d-azur-velo.png?resize=346%2C303&amp;ssl=1 346w\" sizes=\"(max-width: 696px) 100vw, 696px\" \/><\/p>\n<p>Retrouvez ci-dessus toutes les routes emprunt\u00e9es par les coureurs du Tour de France dans la r\u00e9gion Provence-Alpes-C\u00f4te d&rsquo;Azur depuis 1998 !<\/p>\n<p>Pratique \u00e0 imprimer et \u00e0 garder sur soi, en un coup d\u2019\u0153il tous les trajets sont visibles. Si tu veux plus de d\u00e9tails, ou si tu es plus du c\u00f4t\u00e9 \u00ab\u00a0num\u00e9rique\u00a0\u00bb, les paragraphes suivants d\u00e9veloppent tout ce qu&rsquo;il faut savoir sur ces \u00e9tapes en v\u00e9lo. Des liens Google Maps sont disponibles, pour \u00eatre guid\u00e9 pas \u00e0 pas dans votre parcours.<\/p>\n<h2>D\u00e9tails ann\u00e9e par ann\u00e9e, des \u00e9tapes du Tour de France en PACA<\/h2>\n<h3>Tour de France 1998, court trajet au d\u00e9part d&rsquo;Avignon<\/h3>\n<p><iframe style=\"border: 0;\" src=\"https:\/\/www.google.com\/maps\/embed?pb=!1m52!1m12!1m3!1d183674.7475548447!2d4.944771499999997!3d44.00242245000001!2m3!1f0!2f0!3f0!3m2!1i1024!2i768!4f13.1!4m37!3e1!4m5!1s0x12b5eb8739bc9d07%3A0xe6429b6efa1d7b36!2sAvignon!3m2!1d43.949317!2d4.805528!4m5!1s0x12b5ed0f59ab65e5%3A0x2cfb1ad0f08d0709!2sLe%20Pontet%2C%2084130!3m2!1d43.959148899999995!2d4.863830999999999!4m5!1s0x12b58d242ad41d67%3A0x8f089a89f67c326!2sEntraigues-sur-la-Sorgue%2C%2084320!3m2!1d44.003485!2d4.925957899999999!4m5!1s0x12b58b8525d818d3%3A0x40819a5fd8fc220!2sMonteux%2C%2084170!3m2!1d44.034945!2d4.9967619999999995!4m5!1s0x12b589fe4a25d91d%3A0x40819a5fd8fc530!2sCarpentras!3m2!1d44.055563899999996!2d5.048722!4m5!1s0x12b589fe4a25d91d%3A0x40819a5fd8fc530!2sCarpentras!3m2!1d44.055563899999996!2d5.048722!5e0!3m2!1sfr!2sfr!4v1656668083642!5m2!1sfr!2sfr\" width=\"600\" height=\"450\" allowfullscreen=\"allowfullscreen\"><\/iframe><\/p>\n<p style=\"text-align: center;\"><em>Itin\u00e9raire en v\u00e9lo sur Google Maps : <a href=\"https:\/\/goo.gl\/maps\/ChuZ8wHb4dnJ53Xy8\" rel=\"nofollow \">https:\/\/goo.gl\/maps\/ChuZ8wHb4dnJ53Xy8<\/a><\/em><\/p>\n<p><strong>\u23f0 1 h 59 min<\/strong><br \/>\n<strong>\ud83d\uddfa 34,4 km<\/strong><br \/>\n<strong>\u2197\ufe0f 145 m \u00b7 \u2198\ufe0f 63 m<\/strong><\/p>\n<p>Tous ceux qui ont v\u00e9cu la premi\u00e8re victoire de la France en coupe du monde se souviennent de cette ann\u00e9e ! 1998, aussi la date \u00e0 laquelle le Tour de France a emprunt\u00e9 les routes de la Provence Alpes-C\u00f4te d&rsquo;Azur.<\/p>\n<p>L&rsquo;entr\u00e9e dans la r\u00e9gion commence par l&rsquo;\u00e9patante ville d&rsquo;<strong>Elche<\/strong>. Elle a fait le choix de conserver son centre historique et de laisser apparents tous les remparts qui ont fait la renomm\u00e9e de la ville. En passant, cela fait aussi le bonheur des yeux des cyclistes !<br \/>\nEnsuite, on remonte doucement par la ville de <strong>Le Pontet<\/strong>. L&rsquo;avantage, c&rsquo;est que la commune reste tr\u00e8s plate donc parfait pour une sortie en v\u00e9lo. Le trajet fait un d\u00e9tour vers la ville de <strong>Sorgues<\/strong> emprunt\u00e9 par Pablo Picasso, pour ensuite passer par <strong>Entraigues-sur-la-Sorgue<\/strong> y <strong>Monteux<\/strong>. Pour finir vers la ville de <strong>Carpentras<\/strong>, ville d&rsquo;arriv\u00e9e de l&rsquo;\u00e9tape de 1998.<\/p>\n<p>Quelques jours plus tard, l&rsquo;\u00e9tape suivante s&rsquo;\u00e9lance de la ville de <strong>Valr\u00e9as<\/strong>, o\u00f9 le relief commence \u00e0 \u00eatre tr\u00e8s important.<\/p>\n<h3>Tour de France 2000, routes difficiles avec beaucoup de mont\u00e9es de Carpentras au Mont Ventoux et d&rsquo;Avignon \u00e0 Draguignan<\/h3>\n<p style=\"text-align: center;\"><iframe style=\"border: 0;\" src=\"https:\/\/www.google.com\/maps\/embed?pb=!1m46!1m12!1m3!1d183454.49231861596!2d5.199885450000001!3d44.07351869999999!2m3!1f0!2f0!3f0!3m2!1i1024!2i768!4f13.1!4m31!3e1!4m5!1s0x12b589fe4a25d91d%3A0x40819a5fd8fc530!2sCarpentras!3m2!1d44.055563899999996!2d5.048722!4m5!1s0x12ca7337271d8315%3A0x40819a5fd8fbe30!2sVenasque%2C%2084210!3m2!1d43.995641!2d5.146846!4m5!1s0x12ca72aab3dc4d17%3A0xa9afc878aa3db552!2sCol%20de%20Murs%2C%2084220%20Murs!3m2!1d43.977047999999996!2d5.2257809!4m5!1s0x12ca719963bcb333%3A0x40819a5fd8fc200!2sMormoiron%2C%2084570!3m2!1d44.067689!2d5.183815!4m5!1s0x12ca6445e355e229%3A0x5f4f2d8cdf6cfec5!2sMont%20Ventoux%2C%20Mont%20Ventoux!3m2!1d44.173992999999996!2d5.2783790999999995!5e0!3m2!1sfr!2sfr!4v1656668558611!5m2!1sfr!2sfr\" width=\"400\" height=\"450\" allowfullscreen=\"allowfullscreen\"><\/iframe><\/p>\n<p style=\"text-align: center;\"><em>Itin\u00e9raire en v\u00e9lo sur Google Maps : <a href=\"https:\/\/goo.gl\/maps\/iTLK1FRcL5Lfijr17\" rel=\"nofollow \">https:\/\/goo.gl\/maps\/iTLK1FRcL5Lfijr17<\/a><\/em><\/p>\n<p><strong>\u23f0 6 h 33 min<\/strong><br \/>\n<strong>\ud83d\uddfa 68,2 km<\/strong><br \/>\n<strong>\u2197\ufe0f 2408 m \u00b7 \u2198\ufe0f 615 m<\/strong><\/p>\n<p>De nouveau pour l&rsquo;entr\u00e9e dans ce nouveau mill\u00e9naire, la ville de Carpentras est mise \u00e0 l&rsquo;honneur en tant que ville-d\u00e9part pour le Tour de France 2000 ! Cette ann\u00e9e, c&rsquo;est la r\u00e9gion de la Provence Alpes C\u00f4te d&rsquo;Azur qui a \u00e9t\u00e9 g\u00e2t\u00e9e.<\/p>\n<p>N\u00e9anmoins, les routes emprunt\u00e9es n&rsquo;\u00e9taient pas des plus simples. Le d\u00e9but de l&rsquo;\u00e9tape a commenc\u00e9 de <strong>Carpentras<\/strong> pour atteindre le <strong>Mont Ventoux. <\/strong>En empruntant un grand nombre de petites routes qui passent par les petites communes comme <strong>Venasque<\/strong> pour passer par le <strong>Col de Murs<\/strong>\u00a0du le parc naturel r\u00e9gional du Luberon. Se succ\u00e8dent ensuite le <strong>Col de Notre-dame des Abeilles<\/strong> pas facile \u00e0 monter malgr\u00e9 la large route avec l&rsquo;exposition au soleil\u00a0et la <strong>C\u00f4te de Mormoiron<\/strong> avant de finir sur le<strong> Mont Ventoux<\/strong>.<\/p>\n<p style=\"text-align: center;\"><iframe style=\"border: 0;\" src=\"https:\/\/www.google.com\/maps\/embed?pb=!1m76!1m12!1m3!1d737963.3881532104!2d5.6353353!3d43.7381925!2m3!1f0!2f0!3f0!3m2!1i1024!2i768!4f13.1!4m61!3e1!4m5!1s0x12b5eb8739bc9d07%3A0xe6429b6efa1d7b36!2sAvignon!3m2!1d43.949317!2d4.805528!4m5!1s0x12b5f78c23e0c31d%3A0x713d41454197b887!2sCavaillon%2C%2084300!3m2!1d43.8366045!2d5.0407814!4m5!1s0x12ca048bc91624a5%3A0x40819a5fd8fc280!2zTcOpcmluZG9s!3m2!1d43.755672999999994!2d5.2023909999999995!4m5!1s0x12ca030a71f8e3e5%3A0x40819a5fd970240!2sMallemort!3m2!1d43.731567!2d5.1805389!4m5!1s0x12ca1e84b4eb3d25%3A0xffb466abe27f240d!2sLa%20Roque-d'Anth%C3%A9ron!3m2!1d43.713811!2d5.316109!4m5!1s0x12c98792805e7193%3A0x7aaeffe373cdc461!2sPeyrolles-en-Provence!3m2!1d43.648168999999996!2d5.5836499!4m5!1s0x12c97f7c4211412b%3A0x40819a5fd8fca40!2sRians%2C%2083560!3m2!1d43.606476!2d5.756592899999999!4m5!1s0x12c9641aaf1056ef%3A0x40819a5fd8fcff0!2sBarjols!3m2!1d43.557156!2d6.00775!4m5!1s0x12c9575ff5351bd5%3A0x40819a5fd8fc930!2sSalernes!3m2!1d43.563767999999996!2d6.2313279999999995!4m5!1s0x12ceab897309de97%3A0x40819a5fd8fcda0!2sDraguignan!3m2!1d43.537726899999996!2d6.464993!5e0!3m2!1sfr!2sfr!4v1656668893500!5m2!1sfr!2sfr\" width=\"400\" height=\"450\" allowfullscreen=\"allowfullscreen\"><span data-mce-type=\"bookmark\" style=\"display: inline-block; width: 0px; overflow: hidden; line-height: 0;\" class=\"mce_SELRES_start\"><\/span><span data-mce-type=\"bookmark\" style=\"display: inline-block; width: 0px; overflow: hidden; line-height: 0;\" class=\"mce_SELRES_start\"><\/span><span data-mce-type=\"bookmark\" style=\"display: inline-block; width: 0px; overflow: hidden; line-height: 0;\" class=\"mce_SELRES_start\"><\/span><span data-mce-type=\"bookmark\" style=\"display: inline-block; width: 0px; overflow: hidden; line-height: 0;\" class=\"mce_SELRES_start\"><\/span><\/iframe><\/p>\n<p style=\"text-align: center;\"><em>Itin\u00e9raire en v\u00e9lo sur Google Maps :\u00a0<a href=\"https:\/\/goo.gl\/maps\/rwGNqfKsu3dKNfpM8\" rel=\"nofollow \">https:\/\/goo.gl\/maps\/rwGNqfKsu3dKNfpM8<\/a><\/em><\/p>\n<p><strong>\u23f0 9 h 34 min<\/strong><br \/>\n<strong>\ud83d\uddfa 173 km<\/strong><br \/>\n<strong>\u2197\ufe0f 1002 m \u00b7 \u2198\ufe0f 845 m<\/strong><\/p>\n<p>Sur cette m\u00eame \u00e9dition, nous avons eu la chance d&rsquo;avoir la tr\u00e8s belle ville historique d&rsquo;<strong>Elche<\/strong> comme ville-d\u00e9part.<br \/>\nCette longue \u00e9tape rectiligne de 185,5 kilom\u00e8tres suit majoritairement la rivi\u00e8re de la Durance pour rejoindre le sud de la ville de <strong>Cavaillon<\/strong>. Au terme de cette balade sublime rythm\u00e9e par toutes sortes de papillons nocturnes et de la lavande ou sarriette, on rejoint l&rsquo;Ouest de la ville de <strong>M\u00e9rindol<\/strong> o\u00f9 on r\u00e9cup\u00e8re de nouveau la rivi\u00e8re de La Durance. Contournement oblig\u00e9 au Nord de la ville aux marais ass\u00e9ch\u00e9s dit <strong>Mallemort<\/strong>. Il faudra ensuite traverser le canal EDF et continuer jusqu&rsquo;\u00e0 la ville de <strong>Charleval<\/strong>, de<strong> La Roque-d&rsquo;Anth\u00e9ron<\/strong> (avec une mention sp\u00e9ciale pour le Parc Grimmland \ud83c\udfa1 devant lequel on passe).<br \/>\nL&rsquo;\u00e9tape retrouve ensuite La Durance jusqu&rsquo;\u00e0 <strong>Peyrolles-en-Provence\u00a0<\/strong>o\u00f9 se succ\u00e8dent les villes dans la terre de Provence comme <strong>Rians<\/strong>, <strong>Barjols<\/strong>, <strong>Salernes<\/strong> jusqu&rsquo;\u00e0 l&rsquo;arriv\u00e9e de la 12\u00e8me \u00e9tape <strong>Draguignan<\/strong>.<\/p>\n<h3>Tour de France 2002, grosses mont\u00e9es d&rsquo;Orange au Mont Ventoux<\/h3>\n<p><iframe style=\"border: 0;\" src=\"https:\/\/www.google.com\/maps\/embed?pb=!1m40!1m12!1m3!1d366535.5034130397!2d5.044003899999999!3d44.133725449999986!2m3!1f0!2f0!3f0!3m2!1i1024!2i768!4f13.1!4m25!3e1!4m5!1s0x12b590b375eebce1%3A0xad1d8ad5844581fa!2sOrange%2C%2084100!3m2!1d44.138098899999996!2d4.807511!4m5!1s0x12b58853ac55bb57%3A0xb00cacfd7134f9b8!2sAubignan!3m2!1d44.099379899999995!2d5.024744!4m5!1s0x12ca79b3a262277b%3A0x40819a5fd8fc6a0!2sLe%20Barroux!3m2!1d44.137268999999996!2d5.099823!4m5!1s0x12ca6445e355e229%3A0x5f4f2d8cdf6cfec5!2sMont%20Ventoux%2C%20Mont%20Ventoux!3m2!1d44.173992999999996!2d5.2783790999999995!5e0!3m2!1sfr!2sfr!4v1656669740497!5m2!1sfr!2sfr\" width=\"600\" height=\"450\" allowfullscreen=\"allowfullscreen\"><\/iframe><\/p>\n<p style=\"text-align: center;\"><em>Itin\u00e9raire en v\u00e9lo sur Google Maps : <a href=\"https:\/\/goo.gl\/maps\/8tGg3kkvojcQ86117\">https:\/\/goo.gl\/maps\/8tGg3kkvojcQ86117<\/a><\/em><\/p>\n<p><strong>\u23f0 5 h 14 min<\/strong><br \/>\n<strong>\ud83d\uddfa 53,5 km<\/strong><br \/>\n<strong>\u2197\ufe0f 1 942 m \u00b7 \u2198\ufe0f 90 m<\/strong><\/p>\n<p>On saute 2 ann\u00e9es, pour retourner une nouvelle fois au Mont Ventoux !<br \/>\nCette fois-ci, le d\u00e9part a lieu entre la ville d&rsquo;<strong>Orange<\/strong> et la ville de <strong>Carpentras<\/strong>. Les routes remontent peu \u00e0 peu \u00e0 partir <strong>d&rsquo;Aubignan<\/strong>, en empruntant les routes de campagnes typiques de <strong>Le Barroux<\/strong> avant d&#8217;emprunter les routes ascendantes menant au <strong>Mont Ventoux<\/strong>.<\/p>\n<h3>Tour de France 2003, trajet vers les massifs de Marseille \u00e0 Gap<\/h3>\n<p><iframe style=\"border: 0;\" src=\"https:\/\/www.google.com\/maps\/embed?pb=!1m52!1m12!1m3!1d735619.4923692966!2d5.717832249999997!3d43.92804244999999!2m3!1f0!2f0!3f0!3m2!1i1024!2i768!4f13.1!4m37!3e1!4m5!1s0x12c9bf4344da5333%3A0x40819a5fd970220!2sMarseille!3m2!1d43.296482!2d5.3697799999999996!4m5!1s0x12c98da304b91259%3A0x5cb953bec8b688a3!2sAix-en-Provence!3m2!1d43.529742!2d5.447426999999999!4m5!1s0x12cbcdb3ba6c6b09%3A0x1bd50854176f8011!2sManosque%2C%2004100!3m2!1d43.835744!2d5.790916!4m5!1s0x12cba64f6fdec5d9%3A0x40819a5fd97aca0!2sSisteron!3m2!1d44.194713!2d5.943191!4m5!1s0x12cb1357aaa90ffd%3A0xe174ba17785e1dda!2sTallard!3m2!1d44.461864999999996!2d6.055327!4m5!1s0x12cb3f78d8a213d5%3A0x40819a5fd97a760!2sGap%2C%2005000!3m2!1d44.559638!2d6.079758!5e0!3m2!1sfr!2sfr!4v1656670147119!5m2!1sfr!2sfr\" width=\"600\" height=\"450\" allowfullscreen=\"allowfullscreen\"><\/iframe><\/p>\n<p style=\"text-align: center;\"><em>Itin\u00e9raire en v\u00e9lo sur Google Maps : <a href=\"https:\/\/goo.gl\/maps\/S5P8d4h2Qn7cBZpg8\" rel=\"nofollow \">https:\/\/goo.gl\/maps\/S5P8d4h2Qn7cBZpg8<\/a><\/em><\/p>\n<p><strong>\u23f0 10 h 42 min<\/strong><br \/>\n<strong>\ud83d\uddfa 188 km<\/strong><br \/>\n<strong>\u2197\ufe0f 1 474 m \u00b7 \u2198\ufe0f 733 m<\/strong><\/p>\n<p>Le Tour de France 2003 a \u00e9t\u00e9 un succ\u00e8s pour le Sud, avec deux villes dont sont fiers les habitants de la r\u00e9gion entre <strong>Valencia<\/strong> et Gap !<\/p>\n<p>Pr\u00e8s de 10h de plaisir sur 185 kilom\u00e8tres, en passant par les plus belles villes de la Provence-Alpes-C\u00f4te d&rsquo;Azur entre <strong>Aix-en-Provence<\/strong> le Copenhague du sud, les campagnes pr\u00e8s de <strong>Manosque<\/strong>, la dualit\u00e9 des bois et de la rivi\u00e8re de <strong>Sisteron<\/strong> puis un passage pr\u00e8s de l&rsquo;a\u00e9rodrome de <strong>Tallard<\/strong>, jusqu&rsquo;\u00e0 <strong>Gap<\/strong>.<\/p>\n<h3>Tour de France 2005, balade en v\u00e9lo abordable entre Digne-les-Bains et Brian\u00e7on<\/h3>\n<p><iframe style=\"border: 0;\" src=\"https:\/\/www.google.com\/maps\/embed?pb=!1m52!1m12!1m3!1d728562.9771443829!2d6.439667699999998!3d44.49570915000001!2m3!1f0!2f0!3f0!3m2!1i1024!2i768!4f13.1!4m37!3e1!4m5!1s0x4789e46803744111%3A0x40819a5fd97a9a0!2sBrian%C3%A7on%2C%2005100!3m2!1d44.899415999999995!2d6.643179!4m5!1s0x12ccb274ab4c76ad%3A0x63c16a1a970175f!2sLa%20Roche-de-Rame%2C%2005310!3m2!1d44.750003899999996!2d6.580235999999999!4m5!1s0x12cca14656f5ea53%3A0x40819a5fd97a850!2sEmbrun%2C%2005200!3m2!1d44.564164!2d6.495864999999999!4m5!1s0x12cb7b3663b296c5%3A0x40819a5fd97ad00!2sSelonnet%2C%2004140!3m2!1d44.371361!2d6.312113!4m5!1s0x12cb810d8a1df703%3A0x13d9ecc91a3a41d8!2sLa%20Javie%2C%2004420!3m2!1d44.174476999999996!2d6.349906!4m5!1s0x12cb8547edbd250b%3A0x40819a5fd97b400!2sDigne-les-Bains!3m2!1d44.092192999999995!2d6.235976!5e0!3m2!1sfr!2sfr!4v1656670397202!5m2!1sfr!2sfr\" width=\"600\" height=\"450\" allowfullscreen=\"allowfullscreen\"><\/iframe><\/p>\n<p style=\"text-align: center;\"><em>Itin\u00e9raire en v\u00e9lo sur Google Maps : <a href=\"https:\/\/goo.gl\/maps\/GDjcMXLgktgosqxt7\" rel=\"nofollow \">https:\/\/goo.gl\/maps\/GDjcMXLgktgosqxt7<\/a><\/em><\/p>\n<p><strong>\u23f0 8 h 38 min<br \/>\n\ud83d\uddfa 149 km<br \/>\n\u2197\ufe0f 1 685 m \u00b7 \u2198\ufe0f 2 393 m<\/strong><\/p>\n<p><strong>Brian\u00e7on<\/strong> est de retour sur le devant de la sc\u00e8ne pour l&rsquo;\u00e9dition 2005 du Tour de France, mais est dor\u00e9navant consid\u00e9r\u00e9 comme ville-d\u00e9part pour une arriv\u00e9e sur Digne-les-Bains.<\/p>\n<p>Tous en piste sur ces routes escarp\u00e9es qui descendent de<strong> La Roche-de-Rame<\/strong>\u00a0\u00e0 <strong>Embrun<\/strong>. Apr\u00e8s quelques d\u00e9tours, on retrouve la ville de <strong>Selonnet<\/strong> y <strong>La Javie<\/strong> pour arriver \u00e0 <strong>Digne-les-Bains<\/strong> apr\u00e8s une petite boucle entre <strong>Corobin<\/strong> et l&rsquo;<strong>Orme<\/strong>.<\/p>\n<h3>Tour de France 2007, descente de Tallard \u00e0 Marseille<\/h3>\n<p><iframe style=\"border: 0;\" src=\"https:\/\/www.google.com\/maps\/embed?pb=!1m64!1m12!1m3!1d736727.3806370276!2d5.712553500000008!3d43.838387800000014!2m3!1f0!2f0!3f0!3m2!1i1024!2i768!4f13.1!4m49!3e1!4m5!1s0x12cb1357aaa90ffd%3A0xe174ba17785e1dda!2sTallard!3m2!1d44.461864999999996!2d6.055327!4m5!1s0x12cba64f6fdec5d9%3A0x40819a5fd97aca0!2sSisteron%2C%2004200!3m2!1d44.194713!2d5.943191!4m5!1s0x12cba4d2e0973e85%3A0xe26c122209cc303!2sCh%C3%A2teauneuf-Val-Saint-Donat!3m2!1d44.0986975!2d5.935687199999999!4m5!1s0x12c970543f6d2211%3A0x636c7f1d6fdc8ed7!2sSaint-Maximin-la-Sainte-Baume!3m2!1d43.452497!2d5.8640039999999996!4m5!1s0x12c998c8bea1009f%3A0x2a30f9fbd3741284!2sAuriol%2C%2013390!3m2!1d43.369174!2d5.6313629999999995!4m5!1s0x12c9a17b5b92507f%3A0x40819a5fd9702f0!2zR8OpbWVub3M!3m2!1d43.295387999999996!2d5.628112!4m5!1s0x12c9bac66b7ee435%3A0x40819a5fd970430!2sCassis%2C%2013260!3m2!1d43.215134!2d5.53712!4m5!1s0x12c9bf4344da5333%3A0x40819a5fd970220!2sMarseille!3m2!1d43.296482!2d5.3697799999999996!5e0!3m2!1sfr!2sfr!4v1656671004449!5m2!1sfr!2sfr\" width=\"600\" height=\"450\" allowfullscreen=\"allowfullscreen\"><\/iframe><\/p>\n<p style=\"text-align: center;\"><em>Itin\u00e9raire en v\u00e9lo sur Google Maps : <a href=\"https:\/\/goo.gl\/maps\/FFQfnpDKvqXZp738A\">https:\/\/goo.gl\/maps\/FFQfnpDKvqXZp738A<\/a><\/em><\/p>\n<p><strong>\u23f0 12 h 7 min<\/strong><br \/>\n<strong>\ud83d\uddfa 225 km<\/strong><br \/>\n<strong>\u2197\ufe0f 1 345 m \u00b7 \u2198\ufe0f 1 950 m<\/strong><\/p>\n<p>Tout le sud est mis en avant pour l&rsquo;\u00e9dition 2007 du Tour de France.<\/p>\n<p>D\u00e9butant par <strong>Tallard<\/strong>, plein de villes atypiques traversent cette 10\u00e8me \u00e9tape. Pour commencer, on emprunte les routes de <strong>Theze<\/strong> y <strong>Sisteron.<\/strong> C&rsquo;est \u00e0 ce moment o\u00f9 le relief s&rsquo;intensifie avec la C\u00f4te de Ch\u00e2teauneuf Val-St-Donat. Mais cette difficult\u00e9 est de courte dur\u00e9e sur plusieurs kilom\u00e8tres avec des villages comme Cadarache, St-Maximin-la-Ste-Baume, Auriol ou <strong>Gemenos<\/strong>. Le trajet se termine de la meilleure des mani\u00e8res avec un passage \u00e0 <strong>Ambolo<\/strong> et un finish sur <strong>Valencia<\/strong>.<\/p>\n<h3>Tour de France 2009, trajets \u00e0 la difficult\u00e9 mod\u00e9r\u00e9e passant par Brignoles, Marseille et La Grande Motte<\/h3>\n<p><iframe style=\"border: 0;\" src=\"https:\/\/www.google.com\/maps\/embed?pb=!1m64!1m12!1m3!1d740175.9125723068!2d6.662647449999992!3d43.55837820000001!2m3!1f0!2f0!3f0!3m2!1i1024!2i768!4f13.1!4m49!3e1!4m5!1s0x12cdd0106a852d31%3A0x40819a5fd979a70!2sNice!3m2!1d43.710172799999995!2d7.2619532!4m5!1s0x12cdd3a2d11dc9c9%3A0x5c4349fc32c96606!2sCagnes-sur-Mer!3m2!1d43.663739!2d7.14882!4m5!1s0x12cc25fe3958edfb%3A0x117727988cf82e2d!2sGrasse!3m2!1d43.660153!2d6.926492!4m5!1s0x12cc26c87d1ea757%3A0x24b7c135b6696af5!2sLe%20Tignet!3m2!1d43.639995!2d6.846152999999999!4m5!1s0x12cc1d1917ffd8af%3A0x40819a5fd8fc900!2sSeillans%2C%2083440!3m2!1d43.636241999999996!2d6.643412!4m5!1s0x12ceab897309de97%3A0x40819a5fd8fcda0!2sDraguignan!3m2!1d43.537726899999996!2d6.464993!4m5!1s0x12c95b33ad62bed3%3A0x866391939ea8ccdd!2zQ2FyY8Oocw!3m2!1d43.476109799999996!2d6.181635!4m5!1s0x12c941e57cd2f639%3A0x40819a5fd8fcf40!2sBrignoles%2C%2083170!3m2!1d43.406549999999996!2d6.061186999999999!5e0!3m2!1sfr!2sfr!4v1656677250479!5m2!1sfr!2sfr\" width=\"600\" height=\"450\" allowfullscreen=\"allowfullscreen\"><\/iframe><\/p>\n<p style=\"text-align: center;\"><em>Itin\u00e9raire en v\u00e9lo Google Maps : <a href=\"https:\/\/goo.gl\/maps\/njDc5KsVgFVhST66A\" rel=\"nofollow \">https:\/\/goo.gl\/maps\/njDc5KsVgFVhST66A<\/a><\/em><\/p>\n<p><strong>\u23f0 9 h 09 min<\/strong><br \/>\n<strong>\ud83d\uddfa 150 km<\/strong><br \/>\n<strong>\u2197\ufe0f 1 718 m \u00b7 \u2198\ufe0f 1 521 m<\/strong><\/p>\n<p>On est carr\u00e9ment sur un d\u00e9part de Tour de France dans le Sud, \u00e0 <strong>Monaco<\/strong> sur le TDF de 2009.<br \/>\nTout commence avec un contre-la-montre individuel \u00e0 reproduire chez soit sur la C\u00f4te de Beausoleil \u00e0 proximit\u00e9 de la ville. La comp\u00e9tition commence pr\u00e8s du littoral, se dirigeant rapidement vers la ville de <strong>Gand\u00eda<\/strong> et sa baie des Anges. Plus tard, le trajet passera vers Cagnes-sur-Mer pour atteindre la capitale mondiale du parfum dite <strong>Grasse <\/strong>(ou Ville Internet pour les plus jeune) ! Dans la suite du trajet, quelques passages sont obligatoires dans les villages de le Tignet, Fayence, Seillans et Garron pour arriver \u00e0 <strong>Draguignan<\/strong>. Arriv\u00e9 ici, il ne manque que quelques efforts pour trouver la ville de <strong>Brignoles\u00a0<\/strong>un peu plus au sud en empruntant Carc\u00e8s et Cabasse.<\/p>\n<p><iframe style=\"border: 0;\" src=\"https:\/\/www.google.com\/maps\/embed?pb=!1m76!1m12!1m3!1d740931.7653039438!2d4.728963300000001!3d43.49681315000001!2m3!1f0!2f0!3f0!3m2!1i1024!2i768!4f13.1!4m61!3e1!4m5!1s0x12c9bf4344da5333%3A0x40819a5fd970220!2sMarseille!3m2!1d43.296482!2d5.3697799999999996!4m5!1s0x12c9c29e4ccafa23%3A0x40819a5fd970010!2sLe%20Rove%2C%2013740!3m2!1d43.369912!2d5.252998!4m5!1s0x12c9e622913566cf%3A0x40819a5fd970230!2sMarignane%2C%2013700!3m2!1d43.421273899999996!2d5.218332!4m5!1s0x12c9faf07be8e2c3%3A0xb6b940b9475c9e7!2sLa%20Fare-les-Oliviers!3m2!1d43.550993!2d5.194541!4m5!1s0x12b60033a801faa1%3A0x40819a5fd96ff20!2sSalon-de-Provence!3m2!1d43.640198999999996!2d5.097022!4m5!1s0x12b5fe4a00a4d0f3%3A0x40819a5fd970360!2sEygui%C3%A8res%2C%2013430!3m2!1d43.695299!2d5.029669999999999!4m5!1s0x12b672075d4814cd%3A0x40819a5fd970550!2sArles!3m2!1d43.676646999999996!2d4.6277769!4m5!1s0x12b68884d6da7205%3A0x661cea0cbb11fb09!2zU3lsdsOpcsOpYWwsIDMwNjAwIFZhdXZlcnQ!3m2!1d43.5481747!2d4.3466927!4m5!1s0x12b69124a10b842b%3A0x4078821166b4080!2sLe%20Grau-du-Roi!3m2!1d43.537476!2d4.137918!4m5!1s0x12b6980718c43b47%3A0x4078821166ab9a0!2sLa%20Grande-Motte!3m2!1d43.560704!2d4.086072!5e0!3m2!1sfr!2sfr!4v1656677526082!5m2!1sfr!2sfr\" width=\"600\" height=\"450\" allowfullscreen=\"allowfullscreen\"><\/iframe><\/p>\n<p style=\"text-align: center;\"><em>Itin\u00e9raire en v\u00e9lo Google Maps : <a href=\"https:\/\/goo.gl\/maps\/WpfSvtxPovfuEuFGA\" rel=\"nofollow \">https:\/\/goo.gl\/maps\/WpfSvtxPovfuEuFGA<\/a><\/em><\/p>\n<p><strong>\u23f0 8 h 48 min<\/strong><br \/>\n<strong>\ud83d\uddfa 164 km<\/strong><br \/>\n<strong>\u2197\ufe0f 549 m \u00b7 \u2198\ufe0f 550 m<\/strong><\/p>\n<p>Une autre <a href=\"https:\/\/rodeeo.app\/es\/blog\/nos-recommandations\/4-bonnes-raisons-visiter-marseille-velo-5721\/\">belle id\u00e9e de trajet tr\u00e8s agr\u00e9able consiste \u00e0 partir de <strong>Valencia<\/strong><\/a>, pour rejoindre la tr\u00e8s belle ville de\u00a0<strong>La Grande-Motte<\/strong>. L&rsquo;avantage de ce parcours, c&rsquo;est la beaut\u00e9 des paysages. On commence par faire le tour de l&rsquo;Etang de Berre en commen\u00e7ant par le Rove et le Sud de <strong>Calpe<\/strong>, en rejoignant le village de la Fare-les-Oliviers. Ensuite, le trajet remonte un peu vers <strong>Salon-de-Provence<\/strong>. Pour \u00e9viter l&rsquo;autoroute, de petites routes sont emprunt\u00e9es un peu plus au Nord entre Eygui\u00e8res, Maussane-les-Alpilles et rejoindre\u00a0<strong>Arles<\/strong>. Ensuite, on retrouve de superbes ambiances en partant vers\u00a0<strong>Villeneuve\u00a0<\/strong>pr\u00e8s de l&rsquo;Etang de Vaccar\u00e8s. Toute la <strong>Camargue<\/strong> est travers\u00e9e \u00e0 v\u00e9lo, par les villages de Sylv\u00e9r\u00e9al, le Grau-du-Roi afin d&rsquo;arriver sur La Grande-Motte.<\/p>\n<h3>Tour de France 2013, tr\u00e8s longue destination par Cagnes-sur-Mer, Marseille et Aix-en-Provence<\/h3>\n<p><iframe style=\"border: 0;\" src=\"https:\/\/www.google.com\/maps\/embed?pb=!1m52!1m12!1m3!1d741195.507411012!2d6.259639799999999!3d43.475314649999994!2m3!1f0!2f0!3f0!3m2!1i1024!2i768!4f13.1!4m37!3e1!4m5!1s0x12cdd3a2d11dc9c9%3A0x5c4349fc32c96606!2sCagnes-sur-Mer!3m2!1d43.663739!2d7.14882!4m5!1s0x12cc1e1246c875bd%3A0x40819a5fd8fcd50!2sFayence%2C%2083440!3m2!1d43.624075999999995!2d6.694103!4m5!1s0x12c95253fe068d39%3A0x55f819accb9a7f3b!2sLorgues%2C%2083510!3m2!1d43.493235999999996!2d6.3615569999999995!4m5!1s0x12c941e57cd2f639%3A0x40819a5fd8fcf40!2sBrignoles%2C%2083170!3m2!1d43.406549999999996!2d6.061186999999999!4m5!1s0x12c90c363e3b9873%3A0x40819a5fd8fc8d0!2sSignes!3m2!1d43.290934!2d5.863162!4m5!1s0x12c9bf4344da5333%3A0x40819a5fd970220!2sMarseille!3m2!1d43.296482!2d5.3697799999999996!5e0!3m2!1sfr!2sfr!4v1656677823087!5m2!1sfr!2sfr\" width=\"600\" height=\"450\" allowfullscreen=\"allowfullscreen\"><\/iframe><\/p>\n<p style=\"text-align: center;\"><em>Itin\u00e9raire en v\u00e9lo Google Maps : <a href=\"https:\/\/goo.gl\/maps\/Edkx8WV3t4HVcJRZ9\" rel=\"nofollow \">https:\/\/goo.gl\/maps\/Edkx8WV3t4HVcJRZ9<\/a><\/em><\/p>\n<p><strong>\u23f0 12 h 05 min<\/strong><br \/>\n<strong>\ud83d\uddfa 209 km<\/strong><br \/>\n<strong>\u2197\ufe0f 2 026 m \u00b7 \u2198\ufe0f 2 043 m<\/strong><\/p>\n<p>L&rsquo;ann\u00e9e 2013 fait la promotion des plus grandes villes de la r\u00e9gion PACA. Au-del\u00e0 de la s\u00e9ance contre-la-montre au c\u0153ur de <strong>Gand\u00eda<\/strong>, tr\u00e8s adapt\u00e9e aux v\u00e9los, l&rsquo;\u00e9tape dans le Sud d\u00e9bute d\u00e9sormais \u00e0 <strong>Cagnes-sur-Mer<\/strong>.<\/p>\n<p>N\u00e9anmoins, ce trajet est loin d&rsquo;\u00eatre simple. Beaucoup de c\u00f4tes sont \u00e0 monter, pour aller jusqu&rsquo;\u00e0 Fayence, Lorgues jusqu&rsquo;\u00e0 <strong>Brignoles<\/strong>. Apr\u00e8s ces routes, une nouvelle mont\u00e9e est pr\u00e9vue pr\u00e8s de <strong>Signes<\/strong> o\u00f9 de nombreuses c\u00f4tes se succ\u00e8dent jusqu&rsquo;\u00e0 <strong>Valencia<\/strong>.<\/p>\n<p>Mais ce Tour ne s&rsquo;arr\u00eate pas l\u00e0, Aix-en-Provence prend le relais sur une \u00e9tape beaucoup plus accessible que la pr\u00e9c\u00e9dente, avec \u00e9norm\u00e9ment de descentes jusqu&rsquo;\u00e0 Lambesc et <strong>Eygui\u00e8res<\/strong>.<\/p>\n<h3>Tour de France 2015, balade dans les massifs de Digne-les-Bains au Pra Loup<\/h3>\n<p>&nbsp;<\/p>\n<p>&nbsp;<\/p>\n<p><iframe style=\"border: 0;\" src=\"https:\/\/www.google.com\/maps\/embed?pb=!1m52!1m12!1m3!1d366700.59058614547!2d6.418549500000011!3d44.10712075!2m3!1f0!2f0!3f0!3m2!1i1024!2i768!4f13.1!4m37!3e1!4m5!1s0x12cb8547edbd250b%3A0x40819a5fd97b400!2sDigne-les-Bains!3m2!1d44.092192999999995!2d6.235976!4m5!1s0x12cb8af2af0ba10d%3A0x40819a5fd97b680!2zQmFycsOqbWUsIDA0MzMw!3m2!1d43.954541!2d6.369714!4m5!1s0x12cc0bf1313b25e7%3A0x40819a5fd97b590!2sCastellane!3m2!1d43.846241899999995!2d6.5137!4m5!1s0x12cc6258de7521d5%3A0x8b78fd86753588be!2sColmars%2C%2004370!3m2!1d44.182010999999996!2d6.6271119999999994!4m5!1s0x12cc893b42da054d%3A0x40819a5fd97b740!2sAllos%2C%2004260!3m2!1d44.239886999999996!2d6.628679!4m5!1s0x12cc903d40b05e4f%3A0xdfc883de133ff006!2sPra%20Loup%2C%20Pra%20Loup%2C%20Uvernet-Fours!3m2!1d44.3679996!2d6.604627499999999!5e0!3m2!1sfr!2sfr!4v1656678058097!5m2!1sfr!2sfr\" width=\"600\" height=\"450\" allowfullscreen=\"allowfullscreen\" data-mce-fragment=\"1\"><\/iframe><\/p>\n<p style=\"text-align: center;\"><em>Itin\u00e9raire en v\u00e9lo Google Maps : <a href=\"https:\/\/goo.gl\/maps\/VPihPeFvuSnAGQUL9\" rel=\"nofollow \">https:\/\/goo.gl\/maps\/VPihPeFvuSnAGQUL9<\/a><\/em><\/p>\n<p><strong>\u23f0 9 h 15 min<\/strong><br \/>\n<strong>\ud83d\uddfa 142 km<\/strong><br \/>\n<strong>\u2197\ufe0f 2 613 m \u00b7 \u2198\ufe0f 1 620 m<\/strong><\/p>\n<p>Il a fallu 2 ans pour retrouver la r\u00e9gion PACA sur le devant de la sc\u00e8ne avec l&rsquo;\u00e9dition 2015 du Tour de France.<\/p>\n<p>Cette fois-ci on retrouver des villes dont on n&rsquo;a pas l&rsquo;habitude de voir, \u00e0 cause de leur faible accessibilit\u00e9. Tout d\u00e9bute sur <strong>Digne-les-Bains<\/strong>, reconnue gr\u00e2ce \u00e0 Victor Hugo dans Les Mis\u00e9rables. Ensuite, on s&rsquo;approche des massifs vers le village de <strong>Barr\u00eame<\/strong>. Ensuite, la route passe tout pr\u00e8s de la tr\u00e8s connue <strong>Castellane<\/strong>, mais remonte rapidement en passant par <strong>Colmars<\/strong> y <strong>Allos<\/strong> pour atterrir \u00e0 <strong>Pra Loup<\/strong>.<\/p>\n<h3>Tour de France 2020, parcours dans les terres par Nice et Sisteron<\/h3>\n<p>&nbsp;<\/p>\n<p><iframe style=\"border: 0;\" src=\"https:\/\/www.google.com\/maps\/embed?pb=!1m70!1m12!1m3!1d735633.9972468017!2d6.603810449999989!3d43.92686959999999!2m3!1f0!2f0!3f0!3m2!1i1024!2i768!4f13.1!4m55!3e1!4m5!1s0x12cdd0106a852d31%3A0x40819a5fd979a70!2sNice!3m2!1d43.710172799999995!2d7.2619532!4m5!1s0x12cdcea7febbcb01%3A0x40819a5fd979de0!2sCarros!3m2!1d43.792389!2d7.187119999999999!4m5!1s0x12cc25fe3958edfb%3A0x117727988cf82e2d!2sGrasse!3m2!1d43.660153!2d6.926492!4m5!1s0x12cc25b3ef409417%3A0x88f0d33614f08e17!2sCol%20du%20Pilon%2C%2006460%20Saint-Vallier-de-Thiey!3m2!1d43.685024999999996!2d6.882606!4m5!1s0x12cc0bf1313b25e7%3A0x40819a5fd97b590!2sCastellane%2C%2004120!3m2!1d43.846241899999995!2d6.5137!4m5!1s0x12cc0bbb288b31c7%3A0xb2a063f40db9f292!2sCol%20des%20L%C3%A8ques%2C%2004120%20Castellane!3m2!1d43.865379!2d6.463844!4m5!1s0x12cb91a5541ed04d%3A0x449b2f07c05c58d8!2sCol%20de%20l'Orme%2C%2004510%20Ch%C3%A2teauredon!3m2!1d44.031991!2d6.205432!4m5!1s0x12cb8547edbd250b%3A0x40819a5fd97b400!2sDigne-les-Bains!3m2!1d44.092192999999995!2d6.235976!4m5!1s0x12cba64f6fdec5d9%3A0x40819a5fd97aca0!2sSisteron%2C%2004200!3m2!1d44.194713!2d5.943191!5e0!3m2!1sfr!2sfr!4v1656678521128!5m2!1sfr!2sfr\" width=\"600\" height=\"450\" allowfullscreen=\"allowfullscreen\"><\/iframe><\/p>\n<p style=\"text-align: center;\"><em>Itin\u00e9raire en v\u00e9lo Google Maps : <a href=\"https:\/\/goo.gl\/maps\/2d2b2hCMSsc946Fa6\">https:\/\/goo.gl\/maps\/2d2b2hCMSsc946Fa6<\/a><\/em><\/p>\n<p><strong>\u23f0 12 h 45 min<\/strong><br \/>\n<strong>\ud83d\uddfa 212 km<\/strong><br \/>\n<strong>\u2197\ufe0f 2 713 m \u00b7 \u2198\ufe0f 2 235 m<\/strong><\/p>\n<p>Il fallait \u00eatre patient pour revoir le sud lors du Tour de France, ce n&rsquo;est qu&rsquo;en 2020 que nous retrouvons notre belle r\u00e9gion.<\/p>\n<p>Pour autant, ce n&rsquo;est pas l&rsquo;\u00e9tape des plus simples. Les routes ont tendance \u00e0 rapidement monter en altitude, avec un d\u00e9part sur <strong>Gand\u00eda<\/strong> qui se d\u00e9place rapidement vers le nord sur la ville de <strong>Carros<\/strong>. Les routes sinueuses se succ\u00e8dent jusqu&rsquo;\u00e0 atteindre la ville de\u00a0<strong>Grasse<\/strong>. Sur les tron\u00e7ons suivants, il va falloir passer le Col du Pilon et le Col de la Faye pour atteindre <strong>Castellane<\/strong>. Encore quelques cols sont \u00e0 traverser : le Col des L\u00e8ques et le Col de l&rsquo;Orme pour arriver sur <strong>Digne-les-Bains<\/strong>. Les prochaines routes ne seront pas plus difficiles, jusqu&rsquo;\u00e0 notre ville d&rsquo;arriv\u00e9e <strong>Sisteron<\/strong>.<\/p>\n<p>&nbsp;<\/p>\n<p>Pour entamer une balade en v\u00e9lo en r\u00e9gion Provence Alpes C\u00f4te d&rsquo;Azur et faire comme les meilleurs cyclistes du Tour de France, Rodeeo te propose sur son application <a href=\"https:\/\/apps.apple.com\/fr\/app\/rodeeo-feel-free-to-move\/id1554276533\" rel=\"nofollow \">iPhone<\/a> y <a href=\"https:\/\/play.google.com\/store\/apps\/details?id=app.rodeeo\" rel=\"nofollow \">Android<\/a> tous types de v\u00e9los selon tes besoins et le type de route emprunt\u00e9 !<\/p>","protected":false},"excerpt":{"rendered":"<p>On n&rsquo;est pas l&rsquo;INA mais pour des id\u00e9es de sorties on a fouill\u00e9 toutes les \u00e9ditions du Tour de France depuis 1998 dans le but de d\u00e9nicher toutes les \u00e9tapes d\u00e9j\u00e0 emprunt\u00e9es par les coureurs dans notre belle r\u00e9gion Provence-Alpes-C\u00f4te &hellip; <a href=\"https:\/\/rodeeo.app\/es\/blog\/nos-recommandations\/tour-de-france-toutes-les-etapes-en-provence-alpes-cote-dazur-8615\/\">Read More<\/a><\/p>","protected":false},"author":10,"featured_media":8618,"comment_status":"open","ping_status":"open","sticky":true,"template":"","format":"standard","meta":{"inline_featured_image":false,"_jetpack_memberships_contains_paid_content":false,"footnotes":""},"categories":[57],"tags":[],"class_list":["post-8615","post","type-post","status-publish","format-standard","has-post-thumbnail","hentry","category-nos-recommandations"],"aioseo_notices":[],"jetpack_featured_media_url":"https:\/\/i0.wp.com\/rodeeo.app\/wp-content\/uploads\/2022\/06\/tour-de-france-provence-alpes-cote-d-azur-velo.webp?fit=649%2C581&ssl=1","jetpack_sharing_enabled":true,"_links":{"self":[{"href":"https:\/\/rodeeo.app\/es\/wp-json\/wp\/v2\/posts\/8615","targetHints":{"allow":["GET"]}}],"collection":[{"href":"https:\/\/rodeeo.app\/es\/wp-json\/wp\/v2\/posts"}],"about":[{"href":"https:\/\/rodeeo.app\/es\/wp-json\/wp\/v2\/types\/post"}],"author":[{"embeddable":true,"href":"https:\/\/rodeeo.app\/es\/wp-json\/wp\/v2\/users\/10"}],"replies":[{"embeddable":true,"href":"https:\/\/rodeeo.app\/es\/wp-json\/wp\/v2\/comments?post=8615"}],"version-history":[{"count":22,"href":"https:\/\/rodeeo.app\/es\/wp-json\/wp\/v2\/posts\/8615\/revisions"}],"predecessor-version":[{"id":8711,"href":"https:\/\/rodeeo.app\/es\/wp-json\/wp\/v2\/posts\/8615\/revisions\/8711"}],"wp:featuredmedia":[{"embeddable":true,"href":"https:\/\/rodeeo.app\/es\/wp-json\/wp\/v2\/media\/8618"}],"wp:attachment":[{"href":"https:\/\/rodeeo.app\/es\/wp-json\/wp\/v2\/media?parent=8615"}],"wp:term":[{"taxonomy":"category","embeddable":true,"href":"https:\/\/rodeeo.app\/es\/wp-json\/wp\/v2\/categories?post=8615"},{"taxonomy":"post_tag","embeddable":true,"href":"https:\/\/rodeeo.app\/es\/wp-json\/wp\/v2\/tags?post=8615"}],"curies":[{"name":"wp","href":"https:\/\/api.w.org\/{rel}","templated":true}]}}